{"id":14531,"date":"2023-06-05T11:04:06","date_gmt":"2023-06-05T09:04:06","guid":{"rendered":"https:\/\/roundbaltic.eu\/?p=14531"},"modified":"2024-03-26T12:40:44","modified_gmt":"2024-03-26T11:40:44","slug":"andet-regionale-roundtable-oest-danmark-almene-boliger","status":"publish","type":"post","link":"https:\/\/roundbaltic.eu\/da\/andet-regionale-roundtable-oest-danmark-almene-boliger\/","title":{"rendered":"Andet Regionale Roundtable \u00d8st Danmark &#8211; Almene Boliger"},"content":{"rendered":"\t\t<div data-elementor-type=\"wp-post\" data-elementor-id=\"14531\" class=\"elementor elementor-14531\" data-elementor-post-type=\"post\">\n\t\t\t\t\t\t<section class=\"elementor-section elementor-top-section elementor-element elementor-element-700f3aae elementor-section-stretched elementor-section-boxed elementor-section-height-default elementor-section-height-default\" data-id=\"700f3aae\" data-element_type=\"section\" data-settings=\"{&quot;background_background&quot;:&quot;classic&quot;,&quot;stretch_section&quot;:&quot;section-stretched&quot;}\">\n\t\t\t\t\t\t\t<div class=\"elementor-background-overlay\"><\/div>\n\t\t\t\t\t\t\t<div class=\"elementor-container elementor-column-gap-default\">\n\t\t\t\t\t<div class=\"elementor-column elementor-col-100 elementor-top-column elementor-element elementor-element-7404a320\" data-id=\"7404a320\" data-element_type=\"column\">\n\t\t\t<div class=\"elementor-widget-wrap elementor-element-populated\">\n\t\t\t\t\t\t<div class=\"elementor-element elementor-element-6c7cd235 elementor-widget elementor-widget-theme-post-title elementor-page-title elementor-widget-heading\" data-id=\"6c7cd235\" data-element_type=\"widget\" data-widget_type=\"theme-post-title.default\">\n\t\t\t\t<div class=\"elementor-widget-container\">\n\t\t\t\t\t<h2 class=\"elementor-heading-title elementor-size-default\">Andet Regionale Roundtable \u00d8st Danmark &#8211; Almene Boliger<\/h2>\t\t\t\t<\/div>\n\t\t\t\t<\/div>\n\t\t\t\t\t<\/div>\n\t\t<\/div>\n\t\t\t\t\t<\/div>\n\t\t<\/section>\n\t\t\t\t<section class=\"elementor-section elementor-top-section elementor-element elementor-element-5ed90170 elementor-section-boxed elementor-section-height-default elementor-section-height-default\" data-id=\"5ed90170\" data-element_type=\"section\">\n\t\t\t\t\t\t<div class=\"elementor-container elementor-column-gap-default\">\n\t\t\t\t\t<div class=\"elementor-column elementor-col-50 elementor-top-column elementor-element elementor-element-efceb80\" data-id=\"efceb80\" data-element_type=\"column\">\n\t\t\t<div class=\"elementor-widget-wrap elementor-element-populated\">\n\t\t\t\t\t\t<div class=\"elementor-element elementor-element-3f2a5508 elementor-widget elementor-widget-heading\" data-id=\"3f2a5508\" data-element_type=\"widget\" data-widget_type=\"heading.default\">\n\t\t\t\t<div class=\"elementor-widget-container\">\n\t\t\t\t\t<h3 class=\"elementor-heading-title elementor-size-default\">Finansiering af Energieffektivitet i Almene Boliger<\/h3>\t\t\t\t<\/div>\n\t\t\t\t<\/div>\n\t\t\t\t<div class=\"elementor-element elementor-element-70af047 elementor-widget elementor-widget-heading\" data-id=\"70af047\" data-element_type=\"widget\" data-widget_type=\"heading.default\">\n\t\t\t\t<div class=\"elementor-widget-container\">\n\t\t\t\t\t<h4 class=\"elementor-heading-title elementor-size-default\">K\u00f8benhavn, den 1 juni 2023<\/h4>\t\t\t\t<\/div>\n\t\t\t\t<\/div>\n\t\t\t\t<section class=\"elementor-section elementor-inner-section elementor-element elementor-element-5179d4e1 elementor-section-boxed elementor-section-height-default elementor-section-height-default\" data-id=\"5179d4e1\" data-element_type=\"section\">\n\t\t\t\t\t\t<div class=\"elementor-container elementor-column-gap-default\">\n\t\t\t\t\t<div class=\"elementor-column elementor-col-100 elementor-inner-column elementor-element elementor-element-3aa11189\" data-id=\"3aa11189\" data-element_type=\"column\">\n\t\t\t<div class=\"elementor-widget-wrap elementor-element-populated\">\n\t\t\t\t\t\t<div class=\"elementor-element elementor-element-1ca9ac36 elementor-widget elementor-widget-text-editor\" data-id=\"1ca9ac36\" data-element_type=\"widget\" data-widget_type=\"text-editor.default\">\n\t\t\t\t<div class=\"elementor-widget-container\">\n\t\t\t\t\t\t\t\t\t<div class=\"flex-1 overflow-hidden\"><div class=\"react-scroll-to-bottom--css-jcyyi-79elbk h-full\"><div class=\"react-scroll-to-bottom--css-jcyyi-1n7m0yu\"><div class=\"flex flex-col text-sm pb-9\"><div class=\"w-full text-token-text-primary\" data-testid=\"conversation-turn-7\"><div class=\"px-4 py-2 justify-center text-base md:gap-6 m-auto\"><div class=\"flex flex-1 text-base mx-auto gap-3 md:px-5 lg:px-1 xl:px-5 md:max-w-3xl lg:max-w-[40rem] xl:max-w-[48rem] group final-completion\"><div class=\"relative flex w-full flex-col agent-turn\"><div class=\"flex-col gap-1 md:gap-3\"><div class=\"flex flex-grow flex-col max-w-full\"><div class=\"min-h-[20px] text-message flex flex-col items-start gap-3 whitespace-pre-wrap break-words [.text-message+&amp;]:mt-5 overflow-x-auto\" data-message-author-role=\"assistant\" data-message-id=\"47c8ffaf-0595-4c08-bb35-c2d9279370a8\"><div class=\"markdown prose w-full break-words dark:prose-invert light\"><p>Det regionale roundtable p\u00e5 Sj\u00e6lland blev afholdt fysisk og handlede om energirenovering og -effektivitet i boligbyggerier. Et af hovedtemaerne var finansiering og investering i renoveringsinitiativer.\u00a0<\/p><p>Skabelse af gennemsigtige processer og finansielle modeller blev betragtet som afg\u00f8rende faktorer for at motivere boligforeninger og beboere til at investere i f.eks. solenergiprojekter. Kommunikation og inddragelse gennem hele processen var n\u00f8gleaspekter, der blev fremh\u00e6vet. Der blev dr\u00f8ftet, hvordan man bedst overbeviser beboere om fordelene ved solcelle-PV og energirenoveringer.<\/p><p>En stor del af dagen blev brugt p\u00e5 at diskutere kommunernes rolle i at st\u00f8tte energirenoveringer i lejlighedsbygninger. Der blev fremsat forslag om, hvordan kommunerne gennem deres rolle som tilsynsmyndighed kan lette samarbejdet mellem forskellige interessenter og facilitere dialogen mellem energif\u00e6llesskaber, boligselskaber og beboere. Det blev ogs\u00e5 n\u00e6vnt, at kommunernes arealanvendelsesstrategi kunne bruges til at fremme installation af solpaneler og b\u00e6redygtige l\u00f8sninger i byudviklingsplaner.<\/p><p>Eventen fremh\u00e6vede vigtigheden af samarbejde og erfaringsudveksling mellem kommuner, almene boligselskaber, energiselskaber og andre interessenter. Deltagernes input og diskussioner har bidraget til en bredere forst\u00e5else af udfordringerne ved energirenovering i lejlighedsbygninger og behovet for en holistisk tilgang, der omfatter b\u00e5de tekniske, finansielle og kommunikative aspekter.<\/p><\/div><\/div><\/div><\/div><\/div><\/div><\/div><\/div><\/div><\/div><\/div><\/div>\t\t\t\t\t\t\t\t<\/div>\n\t\t\t\t<\/div>\n\t\t\t\t\t<\/div>\n\t\t<\/div>\n\t\t\t\t\t<\/div>\n\t\t<\/section>\n\t\t\t\t\t<\/div>\n\t\t<\/div>\n\t\t\t\t<div class=\"elementor-column elementor-col-50 elementor-top-column elementor-element elementor-element-63ee9795\" data-id=\"63ee9795\" data-element_type=\"column\">\n\t\t\t<div class=\"elementor-widget-wrap elementor-element-populated\">\n\t\t\t\t\t\t<div class=\"elementor-element elementor-element-76b659cd elementor-widget elementor-widget-theme-post-featured-image elementor-widget-image\" data-id=\"76b659cd\" data-element_type=\"widget\" data-widget_type=\"theme-post-featured-image.default\">\n\t\t\t\t<div class=\"elementor-widget-container\">\n\t\t\t\t\t\t\t\t\t\t\t\t\t\t\t<img fetchpriority=\"high\" decoding=\"async\" width=\"1024\" height=\"683\" src=\"https:\/\/roundbaltic.eu\/wp-content\/uploads\/2022\/05\/shutterstock_794195980-1024x683.jpg\" class=\"attachment-large size-large wp-image-10364\" alt=\"\" srcset=\"https:\/\/roundbaltic.eu\/wp-content\/uploads\/2022\/05\/shutterstock_794195980-1024x683.jpg 1024w, https:\/\/roundbaltic.eu\/wp-content\/uploads\/2022\/05\/shutterstock_794195980-300x200.jpg 300w, https:\/\/roundbaltic.eu\/wp-content\/uploads\/2022\/05\/shutterstock_794195980-768x512.jpg 768w, https:\/\/roundbaltic.eu\/wp-content\/uploads\/2022\/05\/shutterstock_794195980-1536x1024.jpg 1536w, https:\/\/roundbaltic.eu\/wp-content\/uploads\/2022\/05\/shutterstock_794195980-2048x1365.jpg 2048w\" sizes=\"(max-width: 1024px) 100vw, 1024px\" \/>\t\t\t\t\t\t\t\t\t\t\t\t\t\t\t<\/div>\n\t\t\t\t<\/div>\n\t\t\t\t<div class=\"elementor-element elementor-element-c4e1b1c elementor-align-justify elementor-widget elementor-widget-button\" data-id=\"c4e1b1c\" data-element_type=\"widget\" data-widget_type=\"button.default\">\n\t\t\t\t<div class=\"elementor-widget-container\">\n\t\t\t\t\t\t\t\t\t<div class=\"elementor-button-wrapper\">\n\t\t\t\t\t<a class=\"elementor-button elementor-button-link elementor-size-sm\" href=\"https:\/\/roundbaltic.eu\/wp-content\/uploads\/2022\/04\/RoundBaltic-RRT1-RM_3-November-2021_Proceedings_DK.pdf\" target=\"_blank\">\n\t\t\t\t\t\t<span class=\"elementor-button-content-wrapper\">\n\t\t\t\t\t\t<span class=\"elementor-button-icon\">\n\t\t\t\t<i aria-hidden=\"true\" class=\"fas fa-file-alt\"><\/i>\t\t\t<\/span>\n\t\t\t\t\t\t\t\t\t<span class=\"elementor-button-text\">Proceedings<\/span>\n\t\t\t\t\t<\/span>\n\t\t\t\t\t<\/a>\n\t\t\t\t<\/div>\n\t\t\t\t\t\t\t\t<\/div>\n\t\t\t\t<\/div>\n\t\t\t\t<div class=\"elementor-element elementor-element-287a7e0 elementor-align-justify elementor-widget elementor-widget-button\" data-id=\"287a7e0\" data-element_type=\"widget\" data-widget_type=\"button.default\">\n\t\t\t\t<div class=\"elementor-widget-container\">\n\t\t\t\t\t\t\t\t\t<div class=\"elementor-button-wrapper\">\n\t\t\t\t\t<a class=\"elementor-button elementor-button-link elementor-size-sm\" href=\"https:\/\/roundbaltic.eu\/wp-content\/uploads\/2024\/02\/RB-Follow-up-Roundtable-East-Denmark-Region-Social-Housing-Presentations-June-2023.pdf\" target=\"_blank\">\n\t\t\t\t\t\t<span class=\"elementor-button-content-wrapper\">\n\t\t\t\t\t\t<span class=\"elementor-button-icon\">\n\t\t\t\t<i aria-hidden=\"true\" class=\"fas fa-file-alt\"><\/i>\t\t\t<\/span>\n\t\t\t\t\t\t\t\t\t<span class=\"elementor-button-text\">Pr\u00e6sentationer<\/span>\n\t\t\t\t\t<\/span>\n\t\t\t\t\t<\/a>\n\t\t\t\t<\/div>\n\t\t\t\t\t\t\t\t<\/div>\n\t\t\t\t<\/div>\n\t\t\t\t\t<\/div>\n\t\t<\/div>\n\t\t\t\t\t<\/div>\n\t\t<\/section>\n\t\t\t\t<\/div>\n\t\t","protected":false},"excerpt":{"rendered":"<p><B>1 juni 2023 <\/B><br \/>\nForm\u00e5let med det regionale roundtable er at samle n\u00f8gleakt\u00f8rer til en dialog omkring finansiering af energieffektivitet i Almene Boliger i regionen<\/p>\n","protected":false},"author":2,"featured_media":10364,"comment_status":"closed","ping_status":"closed","sticky":false,"template":"","format":"standard","meta":{"inline_featured_image":false,"footnotes":""},"categories":[29,42],"tags":[],"class_list":["post-14531","post","type-post","status-publish","format-standard","has-post-thumbnail","hentry","category-events-da","category-events-dk"],"_links":{"self":[{"href":"https:\/\/roundbaltic.eu\/da\/wp-json\/wp\/v2\/posts\/14531","targetHints":{"allow":["GET"]}}],"collection":[{"href":"https:\/\/roundbaltic.eu\/da\/wp-json\/wp\/v2\/posts"}],"about":[{"href":"https:\/\/roundbaltic.eu\/da\/wp-json\/wp\/v2\/types\/post"}],"author":[{"embeddable":true,"href":"https:\/\/roundbaltic.eu\/da\/wp-json\/wp\/v2\/users\/2"}],"replies":[{"embeddable":true,"href":"https:\/\/roundbaltic.eu\/da\/wp-json\/wp\/v2\/comments?post=14531"}],"version-history":[{"count":20,"href":"https:\/\/roundbaltic.eu\/da\/wp-json\/wp\/v2\/posts\/14531\/revisions"}],"predecessor-version":[{"id":16472,"href":"https:\/\/roundbaltic.eu\/da\/wp-json\/wp\/v2\/posts\/14531\/revisions\/16472"}],"wp:featuredmedia":[{"embeddable":true,"href":"https:\/\/roundbaltic.eu\/da\/wp-json\/wp\/v2\/media\/10364"}],"wp:attachment":[{"href":"https:\/\/roundbaltic.eu\/da\/wp-json\/wp\/v2\/media?parent=14531"}],"wp:term":[{"taxonomy":"category","embeddable":true,"href":"https:\/\/roundbaltic.eu\/da\/wp-json\/wp\/v2\/categories?post=14531"},{"taxonomy":"post_tag","embeddable":true,"href":"https:\/\/roundbaltic.eu\/da\/wp-json\/wp\/v2\/tags?post=14531"}],"curies":[{"name":"wp","href":"https:\/\/api.w.org\/{rel}","templated":true}]}}